{"id":804,"date":"2026-07-17T17:06:48","date_gmt":"2026-07-17T17:06:48","guid":{"rendered":"https:\/\/genelimltda.cl\/wp\/?p=804"},"modified":"2026-07-17T17:06:48","modified_gmt":"2026-07-17T17:06:48","slug":"09-politica-integrada-de-gestion","status":"publish","type":"post","link":"https:\/\/genelimltda.cl\/wp\/2026\/07\/17\/09-politica-integrada-de-gestion\/","title":{"rendered":"09 POL\u00cdTICA INTEGRADA DE GESTI\u00d3N"},"content":{"rendered":"<style>.kadence-column804_e520d7-58 > .kt-inside-inner-col,.kadence-column804_e520d7-58 > .kt-inside-inner-col:before{border-top-left-radius:0px;border-top-right-radius:0px;border-bottom-right-radius:0px;border-bottom-left-radius:0px;}.kadence-column804_e520d7-58 > .kt-inside-inner-col{column-gap:var(--global-kb-gap-sm, 1rem);}.kadence-column804_e520d7-58 > .kt-inside-inner-col{flex-direction:column;}.kadence-column804_e520d7-58 > .kt-inside-inner-col > .aligncenter{width:100%;}.kadence-column804_e520d7-58 > .kt-inside-inner-col:before{opacity:0.3;}.kadence-column804_e520d7-58{position:relative;}@media all and (max-width: 1024px){.kadence-column804_e520d7-58 > .kt-inside-inner-col{flex-direction:column;justify-content:center;}}@media all and (max-width: 767px){.kadence-column804_e520d7-58 > .kt-inside-inner-col{flex-direction:column;justify-content:center;}}<\/style>\n<div class=\"wp-block-kadence-column kadence-column804_e520d7-58\"><div class=\"kt-inside-inner-col\"><style>.kb-image804_cb945b-71 .kb-image-has-overlay:after{opacity:0.3;}<\/style>\n<figure class=\"wp-block-kadence-image kb-image804_cb945b-71 size-large\"><img loading=\"lazy\" decoding=\"async\" width=\"1024\" height=\"683\" src=\"https:\/\/genelimltda.cl\/wp\/wp-content\/uploads\/2026\/07\/back-view-focused-ethnic-male-in-white-shirt-reading-document-while-sitting-at-desk-with-netbook-in-light-office-7128952-1024x683.jpg\" alt=\"Back view focused ethnic male in white shirt reading document while sitting at desk with netbook in light office\" class=\"kb-img wp-image-805\" srcset=\"https:\/\/genelimltda.cl\/wp\/wp-content\/uploads\/2026\/07\/back-view-focused-ethnic-male-in-white-shirt-reading-document-while-sitting-at-desk-with-netbook-in-light-office-7128952-1024x683.jpg 1024w, https:\/\/genelimltda.cl\/wp\/wp-content\/uploads\/2026\/07\/back-view-focused-ethnic-male-in-white-shirt-reading-document-while-sitting-at-desk-with-netbook-in-light-office-7128952-300x200.jpg 300w, https:\/\/genelimltda.cl\/wp\/wp-content\/uploads\/2026\/07\/back-view-focused-ethnic-male-in-white-shirt-reading-document-while-sitting-at-desk-with-netbook-in-light-office-7128952-768x512.jpg 768w, https:\/\/genelimltda.cl\/wp\/wp-content\/uploads\/2026\/07\/back-view-focused-ethnic-male-in-white-shirt-reading-document-while-sitting-at-desk-with-netbook-in-light-office-7128952-1536x1024.jpg 1536w, https:\/\/genelimltda.cl\/wp\/wp-content\/uploads\/2026\/07\/back-view-focused-ethnic-male-in-white-shirt-reading-document-while-sitting-at-desk-with-netbook-in-light-office-7128952-2048x1365.jpg 2048w\" sizes=\"auto, (max-width: 1024px) 100vw, 1024px\" \/><\/figure>\n<\/div><\/div>\n\n\n\n<h2 class=\"wp-block-heading\"><strong>POL\u00cdTICA INTEGRADA DE GESTI\u00d3N.<\/strong><\/h2>\n\n\n\n<p class=\"wp-block-paragraph\"><strong>GENELIM Servicios Limitada<\/strong>, empresa especializada en la prestaci\u00f3n de servicios de aseo industrial, mantenciones menores, apoyo operacional y soluciones integrales para empresas, desarrolla todas sus actividades bajo un Sistema Integrado de Gesti\u00f3n, orientado a la calidad, la seguridad y salud en el trabajo, la protecci\u00f3n del medio ambiente, la sostenibilidad y la mejora continua.<\/p>\n\n\n\n<p class=\"wp-block-paragraph\">Nuestro prop\u00f3sito es entregar servicios confiables, eficientes y de alto est\u00e1ndar, satisfaciendo las necesidades y expectativas de nuestros clientes, resguardando la seguridad y bienestar de nuestros trabajadores, protegiendo el medio ambiente y actuando con responsabilidad, \u00e9tica y cumplimiento en todas nuestras operaciones.<\/p>\n\n\n\n<p class=\"wp-block-paragraph\">Con el prop\u00f3sito de asegurar la eficacia de nuestro Sistema Integrado de Gesti\u00f3n, GENELIM Servicios Limitada establece los siguientes compromisos:<\/p>\n\n\n\n<ul class=\"wp-block-list\">\n<li>Satisfacer las necesidades y expectativas de nuestros clientes, proporcionando servicios de calidad que cumplan con los requisitos legales, reglamentarios, contractuales y dem\u00e1s requisitos aplicables, mediante el control y la mejora continua de nuestros procesos.\u00a0<\/li>\n\n\n\n<li>Proteger la seguridad y salud de nuestros trabajadores, proporcionando condiciones de trabajo seguras y saludables, identificando peligros, evaluando riesgos e implementando medidas preventivas que contribuyan a eliminar los peligros y reducir los riesgos laborales.\u00a0<\/li>\n\n\n\n<li>Proteger el medio ambiente y prevenir la contaminaci\u00f3n, gestionando responsablemente los aspectos e impactos ambientales derivados de nuestras operaciones, promoviendo el uso eficiente de los recursos naturales y la reducci\u00f3n de nuestra huella ambiental.\u00a0<\/li>\n\n\n\n<li>Incorporar los principios de la econom\u00eda circular, fomentando la reducci\u00f3n, reutilizaci\u00f3n, reciclaje y valorizaci\u00f3n de materiales, optimizando el uso de los recursos y minimizando la generaci\u00f3n de residuos.\u00a0<\/li>\n\n\n\n<li>Promover la eficiencia energ\u00e9tica y la reducci\u00f3n de emisiones de gases de efecto invernadero, mediante el uso responsable de la energ\u00eda, la optimizaci\u00f3n de los procesos, el mantenimiento adecuado de equipos y la incorporaci\u00f3n progresiva de tecnolog\u00edas m\u00e1s eficientes.\u00a0<\/li>\n\n\n\n<li>Desarrollar una cultura organizacional basada en la \u00e9tica, la transparencia y la integridad, actuando con honestidad, responsabilidad y respeto en todas nuestras relaciones con trabajadores, clientes, proveedores, autoridades y dem\u00e1s partes interesadas.\u00a0<\/li>\n\n\n\n<li>Fomentar la diversidad, la inclusi\u00f3n y la igualdad de oportunidades, promoviendo un ambiente laboral respetuoso, libre de discriminaci\u00f3n y basado en el reconocimiento del valor que aporta cada persona a la organizaci\u00f3n.\u00a0<\/li>\n\n\n\n<li>Desarrollar las competencias de nuestros colaboradores, promoviendo la capacitaci\u00f3n permanente, la participaci\u00f3n activa y la mejora continua como pilares fundamentales del desempe\u00f1o organizacional.\u00a0<\/li>\n\n\n\n<li>Cumplir con la legislaci\u00f3n vigente y otros requisitos aplicables, asegurando el cumplimiento de las obligaciones legales, reglamentarias, contractuales y de los compromisos asumidos por la organizaci\u00f3n.\u00a0<\/li>\n\n\n\n<li>Mejorar continuamente el desempe\u00f1o de nuestro Sistema Integrado de Gesti\u00f3n, estableciendo objetivos, indicadores y mecanismos de seguimiento que permitan fortalecer la eficiencia de nuestros procesos y la sostenibilidad de nuestras operaciones.\u00a0<\/li>\n<\/ul>\n\n\n\n<p class=\"wp-block-paragraph\">La Gerencia de GENELIM Servicios Limitada asume el liderazgo y la responsabilidad de implementar, mantener y mejorar continuamente el Sistema Integrado de Gesti\u00f3n, proporcionando los recursos necesarios para el cumplimiento de esta pol\u00edtica y promoviendo la participaci\u00f3n de todos los trabajadores, contratistas y dem\u00e1s partes interesadas.<\/p>\n\n\n\n<p class=\"wp-block-paragraph\">Esta Pol\u00edtica Integrada constituye el marco de referencia para el establecimiento de los objetivos estrat\u00e9gicos de la organizaci\u00f3n y refleja el compromiso permanente de GENELIM Servicios Limitada con la excelencia operacional, la satisfacci\u00f3n de nuestros clientes, la protecci\u00f3n de las personas, el cuidado del medio ambiente, el desarrollo sostenible y la creaci\u00f3n de valor para todas las partes interesadas.<\/p>\n\n\n<style>.kadence-column804_b421f6-e7 > .kt-inside-inner-col,.kadence-column804_b421f6-e7 > .kt-inside-inner-col:before{border-top-left-radius:0px;border-top-right-radius:0px;border-bottom-right-radius:0px;border-bottom-left-radius:0px;}.kadence-column804_b421f6-e7 > .kt-inside-inner-col{column-gap:var(--global-kb-gap-sm, 1rem);}.kadence-column804_b421f6-e7 > .kt-inside-inner-col{flex-direction:column;}.kadence-column804_b421f6-e7 > .kt-inside-inner-col > .aligncenter{width:100%;}.kadence-column804_b421f6-e7 > .kt-inside-inner-col:before{opacity:0.3;}.kadence-column804_b421f6-e7{position:relative;}@media all and (max-width: 1024px){.kadence-column804_b421f6-e7 > .kt-inside-inner-col{flex-direction:column;justify-content:center;}}@media all and (max-width: 767px){.kadence-column804_b421f6-e7 > .kt-inside-inner-col{flex-direction:column;justify-content:center;}}<\/style>\n<div class=\"wp-block-kadence-column kadence-column804_b421f6-e7\"><div class=\"kt-inside-inner-col\"><style>.kb-image804_307637-76.kb-image-is-ratio-size, .kb-image804_307637-76 .kb-image-is-ratio-size{max-width:200px;width:100%;}.wp-block-kadence-column > .kt-inside-inner-col > .kb-image804_307637-76.kb-image-is-ratio-size, .wp-block-kadence-column > .kt-inside-inner-col > .kb-image804_307637-76 .kb-image-is-ratio-size{align-self:unset;}.kb-image804_307637-76 figure{max-width:200px;}.kb-image804_307637-76 .image-is-svg, .kb-image804_307637-76 .image-is-svg img{width:100%;}.kb-image804_307637-76 .kb-image-has-overlay:after{opacity:0.3;}<\/style>\n<div class=\"wp-block-kadence-image kb-image804_307637-76\"><figure class=\"aligncenter size-full\"><img loading=\"lazy\" decoding=\"async\" width=\"1101\" height=\"908\" src=\"https:\/\/genelimltda.cl\/wp\/wp-content\/uploads\/2026\/07\/image.png\" alt=\"\" class=\"kb-img wp-image-780\" srcset=\"https:\/\/genelimltda.cl\/wp\/wp-content\/uploads\/2026\/07\/image.png 1101w, https:\/\/genelimltda.cl\/wp\/wp-content\/uploads\/2026\/07\/image-300x247.png 300w, https:\/\/genelimltda.cl\/wp\/wp-content\/uploads\/2026\/07\/image-1024x844.png 1024w, https:\/\/genelimltda.cl\/wp\/wp-content\/uploads\/2026\/07\/image-768x633.png 768w\" sizes=\"auto, (max-width: 1101px) 100vw, 1101px\" \/><\/figure><\/div>\n<\/div><\/div>\n<span class=\"kt-load-after-post\"><\/span>","protected":false},"excerpt":{"rendered":"<p>POL\u00cdTICA INTEGRADA DE GESTI\u00d3N. GENELIM Servicios Limitada, empresa especializada en la prestaci\u00f3n de servicios de aseo industrial, mantenciones menores, apoyo operacional y soluciones integrales para empresas, desarrolla todas sus actividades bajo un Sistema Integrado de Gesti\u00f3n, orientado a la calidad, la seguridad y salud en el trabajo, la protecci\u00f3n del medio ambiente, la sostenibilidad y&#8230;<\/p>\n","protected":false},"author":1,"featured_media":805,"comment_status":"open","ping_status":"open","sticky":false,"template":"","format":"standard","meta":{"_kad_blocks_custom_css":"","_kad_blocks_head_custom_js":"","_kad_blocks_body_custom_js":"","_kad_blocks_footer_custom_js":"","_kadence_starter_templates_imported_post":false,"_kad_post_transparent":"","_kad_post_title":"","_kad_post_layout":"","_kad_post_sidebar_id":"","_kad_post_content_style":"","_kad_post_vertical_padding":"","_kad_post_feature":"","_kad_post_feature_position":"","_kad_post_header":false,"_kad_post_footer":false,"_kad_post_classname":"","footnotes":""},"categories":[4,16,8],"tags":[],"class_list":["post-804","post","type-post","status-publish","format-standard","has-post-thumbnail","hentry","category-genelim-ltda","category-integrada-de-gestion","category-politicas-genelim"],"taxonomy_info":{"category":[{"value":4,"label":"Genelim Servicios Limitada"},{"value":16,"label":"Integrada de gesti\u00f3n"},{"value":8,"label":"POLITICAS GENELIM"}]},"featured_image_src_large":["https:\/\/genelimltda.cl\/wp\/wp-content\/uploads\/2026\/07\/back-view-focused-ethnic-male-in-white-shirt-reading-document-while-sitting-at-desk-with-netbook-in-light-office-7128952-1024x683.jpg",1024,683,true],"author_info":{"display_name":"Claudiahenman","author_link":"https:\/\/genelimltda.cl\/wp\/author\/claudiahenman\/"},"comment_info":0,"category_info":[{"term_id":4,"name":"Genelim Servicios Limitada","slug":"genelim-ltda","term_group":0,"term_taxonomy_id":4,"taxonomy":"category","description":"","parent":0,"count":13,"filter":"raw","cat_ID":4,"category_count":13,"category_description":"","cat_name":"Genelim Servicios Limitada","category_nicename":"genelim-ltda","category_parent":0},{"term_id":16,"name":"Integrada de gesti\u00f3n","slug":"integrada-de-gestion","term_group":0,"term_taxonomy_id":16,"taxonomy":"category","description":"","parent":8,"count":1,"filter":"raw","cat_ID":16,"category_count":1,"category_description":"","cat_name":"Integrada de gesti\u00f3n","category_nicename":"integrada-de-gestion","category_parent":8},{"term_id":8,"name":"POLITICAS GENELIM","slug":"politicas-genelim","term_group":0,"term_taxonomy_id":8,"taxonomy":"category","description":"","parent":0,"count":11,"filter":"raw","cat_ID":8,"category_count":11,"category_description":"","cat_name":"POLITICAS GENELIM","category_nicename":"politicas-genelim","category_parent":0}],"tag_info":false,"_links":{"self":[{"href":"https:\/\/genelimltda.cl\/wp\/wp-json\/wp\/v2\/posts\/804","targetHints":{"allow":["GET"]}}],"collection":[{"href":"https:\/\/genelimltda.cl\/wp\/wp-json\/wp\/v2\/posts"}],"about":[{"href":"https:\/\/genelimltda.cl\/wp\/wp-json\/wp\/v2\/types\/post"}],"author":[{"embeddable":true,"href":"https:\/\/genelimltda.cl\/wp\/wp-json\/wp\/v2\/users\/1"}],"replies":[{"embeddable":true,"href":"https:\/\/genelimltda.cl\/wp\/wp-json\/wp\/v2\/comments?post=804"}],"version-history":[{"count":1,"href":"https:\/\/genelimltda.cl\/wp\/wp-json\/wp\/v2\/posts\/804\/revisions"}],"predecessor-version":[{"id":806,"href":"https:\/\/genelimltda.cl\/wp\/wp-json\/wp\/v2\/posts\/804\/revisions\/806"}],"wp:featuredmedia":[{"embeddable":true,"href":"https:\/\/genelimltda.cl\/wp\/wp-json\/wp\/v2\/media\/805"}],"wp:attachment":[{"href":"https:\/\/genelimltda.cl\/wp\/wp-json\/wp\/v2\/media?parent=804"}],"wp:term":[{"taxonomy":"category","embeddable":true,"href":"https:\/\/genelimltda.cl\/wp\/wp-json\/wp\/v2\/categories?post=804"},{"taxonomy":"post_tag","embeddable":true,"href":"https:\/\/genelimltda.cl\/wp\/wp-json\/wp\/v2\/tags?post=804"}],"curies":[{"name":"wp","href":"https:\/\/api.w.org\/{rel}","templated":true}]}}