{"id":809,"date":"2026-07-17T17:11:40","date_gmt":"2026-07-17T17:11:40","guid":{"rendered":"https:\/\/genelimltda.cl\/wp\/?p=809"},"modified":"2026-07-17T17:11:40","modified_gmt":"2026-07-17T17:11:40","slug":"11-politica-de-proteccion-de-datos-personales","status":"publish","type":"post","link":"https:\/\/genelimltda.cl\/wp\/2026\/07\/17\/11-politica-de-proteccion-de-datos-personales\/","title":{"rendered":"11 POL\u00cdTICA DE PROTECCI\u00d3N DE DATOS PERSONALES"},"content":{"rendered":"<style>.kadence-column809_824ee0-4e > .kt-inside-inner-col,.kadence-column809_824ee0-4e > .kt-inside-inner-col:before{border-top-left-radius:0px;border-top-right-radius:0px;border-bottom-right-radius:0px;border-bottom-left-radius:0px;}.kadence-column809_824ee0-4e > .kt-inside-inner-col{column-gap:var(--global-kb-gap-sm, 1rem);}.kadence-column809_824ee0-4e > .kt-inside-inner-col{flex-direction:column;}.kadence-column809_824ee0-4e > .kt-inside-inner-col > .aligncenter{width:100%;}.kadence-column809_824ee0-4e > .kt-inside-inner-col:before{opacity:0.3;}.kadence-column809_824ee0-4e{position:relative;}@media all and (max-width: 1024px){.kadence-column809_824ee0-4e > .kt-inside-inner-col{flex-direction:column;justify-content:center;}}@media all and (max-width: 767px){.kadence-column809_824ee0-4e > .kt-inside-inner-col{flex-direction:column;justify-content:center;}}<\/style>\n<div class=\"wp-block-kadence-column kadence-column809_824ee0-4e\"><div class=\"kt-inside-inner-col\"><style>.kb-image809_828c34-a6 .kb-image-has-overlay:after{opacity:0.3;}.kb-image809_828c34-a6 img.kb-img, .kb-image809_828c34-a6 .kb-img img{object-position:44% 24%;}<\/style>\n<figure class=\"wp-block-kadence-image kb-image809_828c34-a6 size-large kb-image-is-ratio-size\"><div class=\"kb-is-ratio-image kb-image-ratio-land21\"><img loading=\"lazy\" decoding=\"async\" width=\"576\" height=\"1024\" src=\"https:\/\/genelimltda.cl\/wp\/wp-content\/uploads\/2026\/07\/silhouette-profile-of-woman-with-digital-code-projection-on-face-blending-technology-and-art.-8597316-576x1024.jpg\" alt=\"Silhouette profile of woman with digital code projection on face, blending technology and art.\" class=\"kb-img wp-image-811\" srcset=\"https:\/\/genelimltda.cl\/wp\/wp-content\/uploads\/2026\/07\/silhouette-profile-of-woman-with-digital-code-projection-on-face-blending-technology-and-art.-8597316-576x1024.jpg 576w, https:\/\/genelimltda.cl\/wp\/wp-content\/uploads\/2026\/07\/silhouette-profile-of-woman-with-digital-code-projection-on-face-blending-technology-and-art.-8597316-169x300.jpg 169w, https:\/\/genelimltda.cl\/wp\/wp-content\/uploads\/2026\/07\/silhouette-profile-of-woman-with-digital-code-projection-on-face-blending-technology-and-art.-8597316-768x1366.jpg 768w, https:\/\/genelimltda.cl\/wp\/wp-content\/uploads\/2026\/07\/silhouette-profile-of-woman-with-digital-code-projection-on-face-blending-technology-and-art.-8597316-864x1536.jpg 864w, https:\/\/genelimltda.cl\/wp\/wp-content\/uploads\/2026\/07\/silhouette-profile-of-woman-with-digital-code-projection-on-face-blending-technology-and-art.-8597316-1152x2048.jpg 1152w, https:\/\/genelimltda.cl\/wp\/wp-content\/uploads\/2026\/07\/silhouette-profile-of-woman-with-digital-code-projection-on-face-blending-technology-and-art.-8597316-scaled.jpg 1440w\" sizes=\"auto, (max-width: 576px) 100vw, 576px\" \/><\/div><\/figure>\n<\/div><\/div>\n\n\n\n<h2 class=\"wp-block-heading\"><strong>POL\u00cdTICA DE PROTECCI\u00d3N DE DATOS PERSONALES<\/strong><\/h2>\n\n\n\n<p class=\"wp-block-paragraph\"><strong>GENELIM Servicios Limitada<\/strong>, empresa dedicada a la prestaci\u00f3n de servicios de aseo industrial, mantenciones menores, apoyo operacional y servicios para empresas, reconoce la importancia de proteger los datos personales y la informaci\u00f3n de sus clientes, trabajadores, proveedores, contratistas y dem\u00e1s partes interesadas.<\/p>\n\n\n\n<p class=\"wp-block-paragraph\">Por ello, asumimos el compromiso de garantizar la confidencialidad, integridad, disponibilidad y uso responsable de la informaci\u00f3n obtenida durante el desarrollo de nuestras actividades, asegurando el cumplimiento de la legislaci\u00f3n vigente en materia de protecci\u00f3n de datos personales y promoviendo una cultura organizacional basada en la confianza, la transparencia y el respeto por la privacidad.<\/p>\n\n\n\n<p class=\"wp-block-paragraph\">Con el prop\u00f3sito de asegurar una adecuada gesti\u00f3n y protecci\u00f3n de los datos personales, GENELIM Servicios Limitada establece los siguientes compromisos:<\/p>\n\n\n\n<ul class=\"wp-block-list\">\n<li>Cumplir con la legislaci\u00f3n vigente y dem\u00e1s requisitos aplicables en materia de protecci\u00f3n de datos personales, privacidad y confidencialidad de la informaci\u00f3n.\u00a0<\/li>\n\n\n\n<li>Recopilar y tratar \u00fanicamente los datos personales necesarios, utilizando la informaci\u00f3n exclusivamente para fines leg\u00edtimos relacionados con la gesti\u00f3n laboral, contractual, comercial, administrativa y operacional de la empresa.\u00a0<\/li>\n\n\n\n<li>Informar de manera transparente a los titulares respecto del tratamiento de sus datos personales, resguardando el respeto de sus derechos conforme a la normativa vigente.\u00a0<\/li>\n\n\n\n<li>Garantizar la confidencialidad de la informaci\u00f3n, evitando el acceso, uso, divulgaci\u00f3n, alteraci\u00f3n, p\u00e9rdida o destrucci\u00f3n no autorizada de los datos personales.\u00a0<\/li>\n\n\n\n<li>Implementar medidas de seguridad administrativas, t\u00e9cnicas y organizacionales, que permitan proteger la informaci\u00f3n durante todo su ciclo de vida, asegurando que el acceso a los datos sea otorgado \u00fanicamente a personas debidamente autorizadas.\u00a0<\/li>\n\n\n\n<li>Conservar los datos personales \u00fanicamente durante el tiempo necesario para cumplir con las finalidades para las cuales fueron recopilados o mientras exista una obligaci\u00f3n legal que lo justifique, procediendo posteriormente a su eliminaci\u00f3n o resguardo conforme a la normativa aplicable.\u00a0<\/li>\n\n\n\n<li>Compartir informaci\u00f3n con terceros \u00fanicamente cuando exista autorizaci\u00f3n legal, contractual o consentimiento del titular, exigiendo a dichos terceros el cumplimiento de los mismos est\u00e1ndares de confidencialidad y protecci\u00f3n de datos establecidos por la organizaci\u00f3n.\u00a0<\/li>\n\n\n\n<li>Capacitar y sensibilizar permanentemente a nuestros colaboradores respecto del manejo responsable de la informaci\u00f3n, la confidencialidad y las obligaciones relacionadas con la protecci\u00f3n de datos personales.\u00a0<\/li>\n\n\n\n<li>Disponer de canales de atenci\u00f3n para que los titulares puedan realizar consultas, solicitudes de acceso, rectificaci\u00f3n, actualizaci\u00f3n o eliminaci\u00f3n de sus datos personales, de acuerdo con la legislaci\u00f3n vigente.\u00a0<\/li>\n\n\n\n<li>Evaluar y mejorar continuamente nuestros controles y procedimientos de protecci\u00f3n de datos, fortaleciendo las medidas de seguridad y adapt\u00e1ndolas a los riesgos y necesidades de la organizaci\u00f3n.\u00a0<\/li>\n<\/ul>\n\n\n\n<p class=\"wp-block-paragraph\">La Gerencia de GENELIM Servicios Limitada asume la responsabilidad de proporcionar los recursos necesarios para la implementaci\u00f3n de esta pol\u00edtica, promover su difusi\u00f3n entre todos los trabajadores y velar por su cumplimiento en todas las actividades desarrolladas por la organizaci\u00f3n.<\/p>\n\n\n\n<p class=\"wp-block-paragraph\">Esta pol\u00edtica constituye el marco de referencia para la gesti\u00f3n y protecci\u00f3n de los datos personales en GENELIM Servicios Limitada, reafirmando nuestro compromiso con la privacidad, la seguridad de la informaci\u00f3n, el cumplimiento de la normativa vigente y la mejora continua de nuestros procesos, fortaleciendo la confianza de nuestros clientes, trabajadores, proveedores y dem\u00e1s partes interesadas.<\/p>\n\n\n<style>.kadence-column809_17a092-e4 > .kt-inside-inner-col,.kadence-column809_17a092-e4 > .kt-inside-inner-col:before{border-top-left-radius:0px;border-top-right-radius:0px;border-bottom-right-radius:0px;border-bottom-left-radius:0px;}.kadence-column809_17a092-e4 > .kt-inside-inner-col{column-gap:var(--global-kb-gap-sm, 1rem);}.kadence-column809_17a092-e4 > .kt-inside-inner-col{flex-direction:column;}.kadence-column809_17a092-e4 > .kt-inside-inner-col > .aligncenter{width:100%;}.kadence-column809_17a092-e4 > .kt-inside-inner-col:before{opacity:0.3;}.kadence-column809_17a092-e4{position:relative;}@media all and (max-width: 1024px){.kadence-column809_17a092-e4 > .kt-inside-inner-col{flex-direction:column;justify-content:center;}}@media all and (max-width: 767px){.kadence-column809_17a092-e4 > .kt-inside-inner-col{flex-direction:column;justify-content:center;}}<\/style>\n<div class=\"wp-block-kadence-column kadence-column809_17a092-e4\"><div class=\"kt-inside-inner-col\"><style>.kb-image809_0c5f7b-1f.kb-image-is-ratio-size, .kb-image809_0c5f7b-1f .kb-image-is-ratio-size{max-width:200px;width:100%;}.wp-block-kadence-column > .kt-inside-inner-col > .kb-image809_0c5f7b-1f.kb-image-is-ratio-size, .wp-block-kadence-column > .kt-inside-inner-col > .kb-image809_0c5f7b-1f .kb-image-is-ratio-size{align-self:unset;}.kb-image809_0c5f7b-1f figure{max-width:200px;}.kb-image809_0c5f7b-1f .image-is-svg, .kb-image809_0c5f7b-1f .image-is-svg img{width:100%;}.kb-image809_0c5f7b-1f .kb-image-has-overlay:after{opacity:0.3;}<\/style>\n<div class=\"wp-block-kadence-image kb-image809_0c5f7b-1f\"><figure class=\"aligncenter size-full\"><img loading=\"lazy\" decoding=\"async\" width=\"1101\" height=\"908\" src=\"https:\/\/genelimltda.cl\/wp\/wp-content\/uploads\/2026\/07\/image.png\" alt=\"\" class=\"kb-img wp-image-780\" srcset=\"https:\/\/genelimltda.cl\/wp\/wp-content\/uploads\/2026\/07\/image.png 1101w, https:\/\/genelimltda.cl\/wp\/wp-content\/uploads\/2026\/07\/image-300x247.png 300w, https:\/\/genelimltda.cl\/wp\/wp-content\/uploads\/2026\/07\/image-1024x844.png 1024w, https:\/\/genelimltda.cl\/wp\/wp-content\/uploads\/2026\/07\/image-768x633.png 768w\" sizes=\"auto, (max-width: 1101px) 100vw, 1101px\" \/><\/figure><\/div>\n<\/div><\/div>\n<span class=\"kt-load-after-post\"><\/span>","protected":false},"excerpt":{"rendered":"<p>POL\u00cdTICA DE PROTECCI\u00d3N DE DATOS PERSONALES GENELIM Servicios Limitada, empresa dedicada a la prestaci\u00f3n de servicios de aseo industrial, mantenciones menores, apoyo operacional y servicios para empresas, reconoce la importancia de proteger los datos personales y la informaci\u00f3n de sus clientes, trabajadores, proveedores, contratistas y dem\u00e1s partes interesadas. Por ello, asumimos el compromiso de garantizar&#8230;<\/p>\n","protected":false},"author":1,"featured_media":811,"comment_status":"open","ping_status":"open","sticky":false,"template":"","format":"standard","meta":{"_kad_blocks_custom_css":"","_kad_blocks_head_custom_js":"","_kad_blocks_body_custom_js":"","_kad_blocks_footer_custom_js":"","_kadence_starter_templates_imported_post":false,"_kad_post_transparent":"","_kad_post_title":"","_kad_post_layout":"","_kad_post_sidebar_id":"","_kad_post_content_style":"","_kad_post_vertical_padding":"","_kad_post_feature":"","_kad_post_feature_position":"","_kad_post_header":false,"_kad_post_footer":false,"_kad_post_classname":"","footnotes":""},"categories":[4,8,18],"tags":[],"class_list":["post-809","post","type-post","status-publish","format-standard","has-post-thumbnail","hentry","category-genelim-ltda","category-politicas-genelim","category-proteccion-de-datos-personales"],"taxonomy_info":{"category":[{"value":4,"label":"Genelim Servicios Limitada"},{"value":8,"label":"POLITICAS GENELIM"},{"value":18,"label":"Protecci\u00f3n de Datos Personales"}]},"featured_image_src_large":["https:\/\/genelimltda.cl\/wp\/wp-content\/uploads\/2026\/07\/silhouette-profile-of-woman-with-digital-code-projection-on-face-blending-technology-and-art.-8597316-576x1024.jpg",576,1024,true],"author_info":{"display_name":"Claudiahenman","author_link":"https:\/\/genelimltda.cl\/wp\/author\/claudiahenman\/"},"comment_info":0,"category_info":[{"term_id":4,"name":"Genelim Servicios Limitada","slug":"genelim-ltda","term_group":0,"term_taxonomy_id":4,"taxonomy":"category","description":"","parent":0,"count":13,"filter":"raw","cat_ID":4,"category_count":13,"category_description":"","cat_name":"Genelim Servicios Limitada","category_nicename":"genelim-ltda","category_parent":0},{"term_id":8,"name":"POLITICAS GENELIM","slug":"politicas-genelim","term_group":0,"term_taxonomy_id":8,"taxonomy":"category","description":"","parent":0,"count":11,"filter":"raw","cat_ID":8,"category_count":11,"category_description":"","cat_name":"POLITICAS GENELIM","category_nicename":"politicas-genelim","category_parent":0},{"term_id":18,"name":"Protecci\u00f3n de Datos Personales","slug":"proteccion-de-datos-personales","term_group":0,"term_taxonomy_id":18,"taxonomy":"category","description":"","parent":8,"count":1,"filter":"raw","cat_ID":18,"category_count":1,"category_description":"","cat_name":"Protecci\u00f3n de Datos Personales","category_nicename":"proteccion-de-datos-personales","category_parent":8}],"tag_info":false,"_links":{"self":[{"href":"https:\/\/genelimltda.cl\/wp\/wp-json\/wp\/v2\/posts\/809","targetHints":{"allow":["GET"]}}],"collection":[{"href":"https:\/\/genelimltda.cl\/wp\/wp-json\/wp\/v2\/posts"}],"about":[{"href":"https:\/\/genelimltda.cl\/wp\/wp-json\/wp\/v2\/types\/post"}],"author":[{"embeddable":true,"href":"https:\/\/genelimltda.cl\/wp\/wp-json\/wp\/v2\/users\/1"}],"replies":[{"embeddable":true,"href":"https:\/\/genelimltda.cl\/wp\/wp-json\/wp\/v2\/comments?post=809"}],"version-history":[{"count":1,"href":"https:\/\/genelimltda.cl\/wp\/wp-json\/wp\/v2\/posts\/809\/revisions"}],"predecessor-version":[{"id":812,"href":"https:\/\/genelimltda.cl\/wp\/wp-json\/wp\/v2\/posts\/809\/revisions\/812"}],"wp:featuredmedia":[{"embeddable":true,"href":"https:\/\/genelimltda.cl\/wp\/wp-json\/wp\/v2\/media\/811"}],"wp:attachment":[{"href":"https:\/\/genelimltda.cl\/wp\/wp-json\/wp\/v2\/media?parent=809"}],"wp:term":[{"taxonomy":"category","embeddable":true,"href":"https:\/\/genelimltda.cl\/wp\/wp-json\/wp\/v2\/categories?post=809"},{"taxonomy":"post_tag","embeddable":true,"href":"https:\/\/genelimltda.cl\/wp\/wp-json\/wp\/v2\/tags?post=809"}],"curies":[{"name":"wp","href":"https:\/\/api.w.org\/{rel}","templated":true}]}}